{"id":1112,"date":"2021-10-17T20:56:51","date_gmt":"2021-10-17T18:56:51","guid":{"rendered":"https:\/\/www.dwarsloeper.org\/wordpress\/?p=1112"},"modified":"2021-10-17T20:56:51","modified_gmt":"2021-10-17T18:56:51","slug":"kutterfahrt-2021","status":"publish","type":"post","link":"https:\/\/www.dwarsloeper.org\/wordpress\/2021\/10\/17\/kutterfahrt-2021\/","title":{"rendered":"Kutterfahrt 2021"},"content":{"rendered":"\n<p>Mittwoch 23.6.<\/p>\n\n\n\n<p>Es ist ein fr\u00fcher Nachmittag. Das sch\u00f6ne Mecklenburg \u2013 Vorpommern wird von der SED unter der F\u00fchrung von Rico Badenschier regiert, die auch einige andere L\u00e4nder unter ihrer Fuchtel haben. Eine Truppe von 6 Leuten haben den Entschluss gefasst diese Seite des ehemaligen Deutschlands zu verlassen. Die Tristes in diesem Land \u00f6det sie an. Es gibt hier nur \u00c4pfel und Bananen. Sie versprechen sich in Westen ein neues Leben. Im Optimalfall werden sie auch einmal in den Genuss von Kiwi und Orange kommen. Ihr Traum ist es, mit einem Segelboot, die Gew\u00e4sser dieser Erde zu erkunden und zu lernen, was Freiheit wirklich hei\u00dft. Fast kentern und bei Flaute 6 Stunden nach Gr\u00f6mitz pullen. In einer irrwitzigen Aktion f\u00fchren sie den Plan durch, der sie nach Schleswig-Holstein bringen soll. Es w\u00e4re fast gescheitert, als sie ein Wachmann angehalten hat. Sie logen, und sagten, dass sie einen anderen Ort ansteuerten. Kurze Zeit blieb ihnen das Herz in der Hose stecken. Doch sie schafften es. So beluden sie im Westen ihren Kutter und schlugen sich die B\u00e4uche voll mit Curry und Reis, einer Speise, die sie im Osten vermutlich nie kennengelernt h\u00e4tten. So legten sie sich mit einem guten Gef\u00fchl schlafen.<\/p>\n\n\n\n<p>Donnerstag 24.6.<\/p>\n\n\n\n<p>Uff, an diesem Tag ist einiges passiert und ich versuche nun mich an alles zu erinnern. Also nachdem wir schon eine Nacht im Westen verweilt sind um kein Aufsehen zu erregen, a\u00dfen wir morgens am Steg nur ein schnelles M\u00fcsli, um die \u00dcberfahrt nach D\u00e4nemark m\u00f6glichst schnell starten zu k\u00f6nnen. F\u00fcr diesen Tag hatten wir uns Gr\u00f6mitz, als Tagesziel gesetzt, also setzten wir nach dem Auslaufen die Segel und beendeten unser Fr\u00fchst\u00fcck auf See. Um voran zu kommen reichten die Windst\u00e4rken jedoch nicht, denn es herrschte gr\u00f6\u00dftenteils Flaute. Also holten wir die Riemen raus und pullten ein ganzes St\u00fcck. Nach einer weile wurden wir des Pullens M\u00fcde und g\u00f6nnten uns eine Abk\u00fchlung. Wir sprangen ins Wasser und schafften es das Boot schwimmend auf einen Knoten zu beschleunigen. Nach dem Baden pullten und motorten wir eines in den angesteuerten Hafen. Dort angekommen bauten wir uns die Tarnpersening auf und machten einen Strandspaziergang um die Gegend abzusichern. Doch noch bevor wir essen konnten wurde einer von uns abgef\u00fchrt. Wir anderen machten Wraps und verspeisten \u00c4dlarjoghurt. Au\u00dferdem mussten wir Paparazzi ertragen die sehr viel Interesse an unserer Fluchtleben zeigten und im Glauben waren das wir f\u00fcr unsere Taten Geld bekamen. Nachdem wir geduscht haben, gingen wir fr\u00fch ins Bett um am n\u00e4chsten morgen in aller Fr\u00fche starten zu k\u00f6nnen. Mitten in der Nacht, als wir schon alle fest schliefen, kam dann unser fehlendes Crew Mitglied wieder zu uns. Er hatte es geschafft sich den Klauen des SED Geheimdienstes zu entziehen. Das war unser Tag 2 als DORT-Fl\u00fcchtling.<\/p>\n\n\n\n<p>\/\/ Ich habe mich dazu entschieden, der M\u00fche wegen, dass wir nicht mehr eine Geschichte der Flucht weiterspielen, sondern wie bei allen anderen Fahrten das erlebte zu dokumentieren. \/\/<\/p>\n\n\n\n<figure class=\"wp-block-gallery columns-1 is-cropped wp-block-gallery-1 is-layout-flex wp-block-gallery-is-layout-flex\"><ul class=\"blocks-gallery-grid\"><li class=\"blocks-gallery-item\"><figure><img loading=\"lazy\" decoding=\"async\" width=\"1024\" height=\"576\" src=\"https:\/\/www.dwarsloeper.org\/wordpress\/wp-content\/uploads\/2021\/10\/WhatsApp-Image-2021-10-09-at-09.59.15-1-1024x576.jpeg\" alt=\"\" data-id=\"1114\" data-full-url=\"https:\/\/www.dwarsloeper.org\/wordpress\/wp-content\/uploads\/2021\/10\/WhatsApp-Image-2021-10-09-at-09.59.15-1.jpeg\" data-link=\"https:\/\/www.dwarsloeper.org\/wordpress\/?attachment_id=1114\" class=\"wp-image-1114\" srcset=\"https:\/\/www.dwarsloeper.org\/wordpress\/wp-content\/uploads\/2021\/10\/WhatsApp-Image-2021-10-09-at-09.59.15-1-1024x576.jpeg 1024w, https:\/\/www.dwarsloeper.org\/wordpress\/wp-content\/uploads\/2021\/10\/WhatsApp-Image-2021-10-09-at-09.59.15-1-300x169.jpeg 300w, https:\/\/www.dwarsloeper.org\/wordpress\/wp-content\/uploads\/2021\/10\/WhatsApp-Image-2021-10-09-at-09.59.15-1-768x432.jpeg 768w, https:\/\/www.dwarsloeper.org\/wordpress\/wp-content\/uploads\/2021\/10\/WhatsApp-Image-2021-10-09-at-09.59.15-1-1536x864.jpeg 1536w, https:\/\/www.dwarsloeper.org\/wordpress\/wp-content\/uploads\/2021\/10\/WhatsApp-Image-2021-10-09-at-09.59.15-1.jpeg 1600w\" sizes=\"auto, (max-width: 1024px) 100vw, 1024px\" \/><\/figure><\/li><\/ul><\/figure>\n\n\n\n<p>Freitag 25.6.<\/p>\n\n\n\n<p>Nach einem ausgiebigen Fr\u00fchst\u00fcck haben wir unseren Kutter in Gr\u00f6mitz bereit gemacht. Es war ein sehr hei\u00dfer Tag. Doch morgens war uns allen sehr kalt. Gegen halb elf sind wir ausgelaufen um nach Heiligen Hafen zu segeln. So segelten wir bei nicht allzu g\u00fcnstigem Wind zur Br\u00fccke, die Fehmarn mit dem Festland verbindet. Auf dem Weg schliefen ein paar von uns (vor allem Nele). Als wir alle wieder auf den Beinen waren, wurde die Motivation, die durch den nachgeholten Schlaf gewonnen hatten, direkt ins Pullen verwandelt. Irgendwann aber, so am fr\u00fchen Nachmittag, hatten wir uns aus heiterem Himmel entschlossen, Penne Rigata zu kochen. Diese waren eigentlich als Notfallessen eingeplant, doch es stellte sich heraus, dass sie nicht mehr waren, als ein kleiner Imbiss. Dann fuhren wir mit dem Motor unter der Br\u00fccke hindurch, Damit es sich nicht so zieht. Nach einem Bade \u2013 Mumpitz, um der unertr\u00e4glichen Hitze entgegenzusetzen, motorten wir in den Hafen. Dort gingen Casper und David etwas einkaufen, und der Rest baute die Persenning auf. Zum Abendessen gab es Hotdogs und so konnten wir uns am Abend nach einem relativ erfolgreichen Tag schlafen legen.<\/p>\n\n\n\n<p>Samstag 26.6.<\/p>\n\n\n\n<p>Morgens krochen wir \u2013 verschlafen wie immer \u2013 aus unseren warmen Schlafs\u00e4cken. Doch hatten wir alle Motivation, da wir die gro\u00dfe \u00dcberfahrt nach D\u00e4nemark schaffen wollten. Wir bauten die Persenning ab, machten alles startklar und beschlossen auf See zu fr\u00fchst\u00fccken, um etwas Zeit einzusparen. Gegen Neun fuhren wir also los- das Ziel hie\u00df Bagenkop. Leider kam der Wind genau gegen uns, sodass wir ein paar Kreuzschl\u00e4ge fahren mussten. Mit verschiedenen Man\u00f6vern, Witzen, Liedern und S\u00fc\u00dfkram haben wir die 11\u00bd-st\u00fcndige Fahrt gut \u00fcberstanden. In Bagenkop angekommen bauten ein paar Persenning, andere gingen einkaufen und kochten K\u00e4sesp\u00e4tzle. Nach diesem ehrw\u00fcrdigen Tag sackten wir alle zufrieden auf unsere harten Isomatten.<\/p>\n\n\n\n<figure class=\"wp-block-gallery columns-1 is-cropped wp-block-gallery-2 is-layout-flex wp-block-gallery-is-layout-flex\"><ul class=\"blocks-gallery-grid\"><li class=\"blocks-gallery-item\"><figure><img loading=\"lazy\" decoding=\"async\" width=\"1024\" height=\"576\" src=\"https:\/\/www.dwarsloeper.org\/wordpress\/wp-content\/uploads\/2021\/10\/kutterfahrt-2021-backschaften-ventus-nautilus_2021-07-01_15-46-34-1024x576.jpg\" alt=\"\" data-id=\"1130\" data-full-url=\"https:\/\/www.dwarsloeper.org\/wordpress\/wp-content\/uploads\/2021\/10\/kutterfahrt-2021-backschaften-ventus-nautilus_2021-07-01_15-46-34.jpg\" data-link=\"https:\/\/www.dwarsloeper.org\/wordpress\/?attachment_id=1130\" class=\"wp-image-1130\" srcset=\"https:\/\/www.dwarsloeper.org\/wordpress\/wp-content\/uploads\/2021\/10\/kutterfahrt-2021-backschaften-ventus-nautilus_2021-07-01_15-46-34-1024x576.jpg 1024w, https:\/\/www.dwarsloeper.org\/wordpress\/wp-content\/uploads\/2021\/10\/kutterfahrt-2021-backschaften-ventus-nautilus_2021-07-01_15-46-34-300x169.jpg 300w, https:\/\/www.dwarsloeper.org\/wordpress\/wp-content\/uploads\/2021\/10\/kutterfahrt-2021-backschaften-ventus-nautilus_2021-07-01_15-46-34-768x432.jpg 768w, https:\/\/www.dwarsloeper.org\/wordpress\/wp-content\/uploads\/2021\/10\/kutterfahrt-2021-backschaften-ventus-nautilus_2021-07-01_15-46-34-1536x864.jpg 1536w, https:\/\/www.dwarsloeper.org\/wordpress\/wp-content\/uploads\/2021\/10\/kutterfahrt-2021-backschaften-ventus-nautilus_2021-07-01_15-46-34.jpg 1919w\" sizes=\"auto, (max-width: 1024px) 100vw, 1024px\" \/><\/figure><\/li><\/ul><\/figure>\n\n\n\n<p>Sonntag 27.6.<\/p>\n\n\n\n<p>Am Sonntag haben wir uns, von der am Samstag angesammelten M\u00fcdigkeit ausgeruht und so bis 12:00 Uhr ausgeschlafen. Nachmittags sind wir dann in Richtung Marstal motort. Der Wind war mal wieder gegen uns. Unterwegs hatten wir das Gl\u00fcck Schweinswale zu beobachten. Auf der \u00dcberfahrt haben wir au\u00dferdem einen \u201eBademumpitz\u201c veranstaltet, um uns von der Sonne abzuk\u00fchlen. Abends haben wir alle zusammen, also Ventus, die Yacht und Nautilus, gegrillt und uns einen sch\u00f6nen Abend gemacht.<\/p>\n\n\n\n<p>Montag 28.6.<\/p>\n\n\n\n<p>Am Montag sind wir gegen 10 Uhr von der Sonne wachgekitzelt worden, denn wir hatten diese Nacht ohne Persenning geschlafen. Wir fr\u00fchst\u00fcckten gem\u00fctlich und um 12 Uhr sind wir zur Blauen Lagune motort, auf halber Strecke gab es eine Untiefe weswegen wir sehr langsam Motoren mussten. Nach der Untiefe dachten wir f\u00fcr einen Moment das wir ein Schweinswal gesehen h\u00e4tten, aber kurz danach tauchte eine Robbe in der N\u00e4he des Kutters auf. Gegen 14 Uhr kamen wir in der Blauen Lagune an und ankerten mit dem anderen Kutter auf einer Sandbank. Dort haben wir dann gebadet und sp\u00e4ter, nachdem wir ein paar Kleinigkeiten eingekauft hatten, Pfannenkuchen gemacht und sp\u00e4ter im Wasser abgewaschen. Abends spielten wir Werwolf und gingen danach ins Bett.<\/p>\n\n\n\n<p>Dienstag 29.6.<\/p>\n\n\n\n<p>Am Dienstag haben wir bis 10 Uhr geschlafen. Nachdem Elijas und David eingekauft hatten sind wir losgefahren, jedoch war der Wind schnell weg, weshalb wir noch einen Badespa\u00df nach Lyo veranstaltet haben. Dort haben wir Chili gegessen und noch eine Singe Runde mit den Leuten von der Yacht gemacht. Nachdem wir uns \u00fcber die Pl\u00e4ne f\u00fcr die n\u00e4chsten Tage unterhalten haben, sind wir dann schlafen gegangen.<\/p>\n\n\n\n<figure class=\"wp-block-gallery columns-1 is-cropped wp-block-gallery-3 is-layout-flex wp-block-gallery-is-layout-flex\"><ul class=\"blocks-gallery-grid\"><li class=\"blocks-gallery-item\"><figure><img loading=\"lazy\" decoding=\"async\" width=\"1024\" height=\"768\" src=\"https:\/\/www.dwarsloeper.org\/wordpress\/wp-content\/uploads\/2021\/10\/kutterfahrt-2021-backschaften-ventus-nautilus_2021-07-04_22-42-20-1024x768.jpg\" alt=\"\" data-id=\"1131\" data-full-url=\"https:\/\/www.dwarsloeper.org\/wordpress\/wp-content\/uploads\/2021\/10\/kutterfahrt-2021-backschaften-ventus-nautilus_2021-07-04_22-42-20.jpg\" data-link=\"https:\/\/www.dwarsloeper.org\/wordpress\/?attachment_id=1131\" class=\"wp-image-1131\" srcset=\"https:\/\/www.dwarsloeper.org\/wordpress\/wp-content\/uploads\/2021\/10\/kutterfahrt-2021-backschaften-ventus-nautilus_2021-07-04_22-42-20-1024x768.jpg 1024w, https:\/\/www.dwarsloeper.org\/wordpress\/wp-content\/uploads\/2021\/10\/kutterfahrt-2021-backschaften-ventus-nautilus_2021-07-04_22-42-20-300x225.jpg 300w, https:\/\/www.dwarsloeper.org\/wordpress\/wp-content\/uploads\/2021\/10\/kutterfahrt-2021-backschaften-ventus-nautilus_2021-07-04_22-42-20-768x576.jpg 768w, https:\/\/www.dwarsloeper.org\/wordpress\/wp-content\/uploads\/2021\/10\/kutterfahrt-2021-backschaften-ventus-nautilus_2021-07-04_22-42-20.jpg 1440w\" sizes=\"auto, (max-width: 1024px) 100vw, 1024px\" \/><\/figure><\/li><\/ul><\/figure>\n\n\n\n<p>Donnerstag 1.7.<\/p>\n\n\n\n<p>Dieser Tag startete schon in der Nacht mit einem \u00dcberaschungsst\u00e4ndchen f\u00fcr mich (Hannah), denn dieser Donnerstag war mein 17. Geburtstag. Nach dem die Font\u00e4ne mit nicht enden wollender Happy Birthday Musik au\u00dfer Kraft gesetzt war, a\u00dfen wir die wundersch\u00f6ne, stopfende, leckere Pfannenkuchentorte mit Himbeeren die einige bereits am Tag gebacken hatten. Als alle M\u00e4uler der Ventis, Nautilis und sogar der Yachtis gestopft waren, rollten wir uns in unsere Kojen. Ausreichend ausgeruht ging es dann morgens in gem\u00fctlicher Stimmung mit Fr\u00fchst\u00fcck und einer zweiten Himbeertorte los. Heute sollte es also zur\u00fcck nach Deutschland gehen. Nur wie war zu dieser Zeit noch nicht ganz klar. Mental hatten wir uns alle schon auf eine Nachtfahrt vorbereitet, denn der Wind am Tag sollte so stark werden, dass es am Tag eine lange ungem\u00fctliche fahrt geworden w\u00e4re. Aber wie so oft hat der Wettergott spontan seine Meinung ge\u00e4ndert und wir entschieden uns daf\u00fcr um ca. 14 Uhr in See zustechen. Doch vorher hatten wir ein gro\u00dfes ToDo auf der Liste, wir brauchten etwas zu essen. Also machten wir Ventis uns auf den Weg zum Brugsen um unsere Vorr\u00e4te aufzustocken. Da der Geldautomat der angeblich seid M\u00e4rz dieses Jahres funktionieren sollte dies nicht tat musste Max auslegen. Mit gef\u00fcllter Hafenkarre machten wir uns wieder auf den R\u00fcckweg und erledigten das t\u00e4gliche Gesch\u00e4ft, also Persenning abbauen und Segel fertig machen. Nach einem letzten Klogang ging es dann auch schon los. Mit blubbernden Motor und Welle von vorn setzten wir die Segel. F\u00fcr unseren Kurs Richtung Heimat mussten wir einen Raumwind-Kurs segeln und hatten somit auch spektakul\u00e4re Wellen von schr\u00e4g hinten. Spektakul\u00e4r waren diese, weil sie zu meinen mit einee H\u00f6he von gesch\u00e4tzt 1-1,5 Metern die Kutter ordentlich zum \u201eRollen\u201c brachten (und somit auch den ein oder anderen Magen etwas aufw\u00fchlten). Und uns zum anderen auch ordentlich schoben. So machten wir mit stabilen 4-5 Knoten Fahrt Richtung Lemkenharfen. Grade als wir fast an Langeland vorbei waren, kreuzte ein riesig scheinender Jet unseren weg und erf\u00fcllte uns durch die n\u00e4he und vor allem die Lautst\u00e4rke mit Staunen. Eingepackt in unseren Segelsachen, die wir aus angst vor Gischt angezogen hatten a\u00dfen wir noch unsere Reste vom Vortag auf. Die \u00dcberfahrt verging wie im Flug und zum Ende hin waren auch alle wieder wach und munter. Angekommen in Lemkenhafen gab es dann auch bald Pizza f\u00fcr die Nautilus bereits So\u00dfe und Teig vorbereitet hatten. Im Gegenzug wuschen wir Ventis bzw. Max und Merle f\u00fcr alle ab. Zum Backen durften vier das Vereinshaus nutzen. Doch eine nette Dame teilte uns mit das sie leider nur ein Geschirrhandtuch h\u00e4tten. F\u00fcr Merle und mich ging der Traum einer leckeren Pizza beinahe wortw\u00f6rtlich in Flammen auf. Denn unser Backpapier fing flammen. Doch zum Gl\u00fcck lief alles Gut und wir konnten alle unsere leckeren Pizzen genie\u00dfen. Vollgefressen machten wir dann den Kutter schlaffertig, r\u00e4umten das Vereinshaus auf, lie\u00dfen den Tag mit ein wenig sch\u00f6ner Musik ausklingen und ich t\u00e4tigte noch eins, zwei Geburtstagsanrufe. Und dann hie\u00df es schon gute Nacht. Danke noch mal an alle Beteiligten f\u00fcr diesen sch\u00f6nen Geburtstag.<\/p>\n\n\n\n<p>Montag 5.7.<\/p>\n\n\n\n<p>Dieser Tag startete wie ein richtiger Montag! Tr\u00e4ge, energielos und jedes Fingerr\u00fchren f\u00fchlte sich so an, als sei eine Schot daran befestigt, an der ein riesiger, gestrandeter Pottwal h\u00e4ngt. K\u00f6nnte daran liegen, dass es ein Montag war. Trotz diesen Schwerf\u00e4lligkeiten mussten wir die 12 Seemeilen von Gr\u00f6mitz nach Travem\u00fcnde an diesem Tag bew\u00e4ltigen. Da wir f\u00fcr alles doppelt so lang gebraucht haben lie\u00dfen wir erst gegen 12 Uhr die Vorleinen in Gr\u00f6mitz los. Die 7 Stunden Fahrt bestand wie fast jede Fahrt aus Spielen, Singen, Lachen, Schnacken und vor allem Essen. Das Segelsetzen, der Fahrt, und auch das Segelbergen geschah, wie sonst auch reibungslos. Obwohl der Verklicker uns mit seinen wackligen T\u00e4nzen auf dem Gro\u00dfmast sorgen bereitete, blieb auch der bis zum Schluss ein stetiger Begleiter der Fahrt. Nachdem wir im travem\u00fcnder Hafen flott die Persenning aufgebaut hatten, bestellten wir zwei lang ersehnte riesiger fettige und schmackhafte Party-Pizzen. Mit Hei\u00dfhunger warteten wir spielerisch mit Kartenspielen auf den Bodden der Herzenskost. Da er gro\u00dfe Minuten und 24 Sekunden zu sp\u00e4t kam, gab es f\u00fcr diese Frechheit auch nur 3 \u20ac Trinkgeld. Nach diesem Gaumenschmaus eilten wir ohne Sack und Pack zur Promenade, wo schon die Schweriner auf uns warteten. Da dies der letzte Abend unserer 2 \u2013 W\u00f6chigen Kutterfahrt war, sangen, tranken und a\u00dfen wir vor staunenden \u201eStrand \u2013 Publikum\u201c. Da es uns leider an Wasser mangelte beschlossen Marin und Ich (Macca) uns Wasser an einer Strandbar zu erschnorren, was auch super funktionierte. Als wir dann das gek\u00fchlte und gesprudelte Quellenwasser verzehrt hatten ging es gegen 1 Uhr in die Schlafs\u00e4cke und wir schlossen unsere kleinen m\u00fcden Augen.<\/p>\n\n\n\n<figure class=\"wp-block-gallery columns-1 is-cropped wp-block-gallery-4 is-layout-flex wp-block-gallery-is-layout-flex\"><ul class=\"blocks-gallery-grid\"><li class=\"blocks-gallery-item\"><figure><img loading=\"lazy\" decoding=\"async\" width=\"768\" height=\"1024\" src=\"https:\/\/www.dwarsloeper.org\/wordpress\/wp-content\/uploads\/2021\/10\/kutterfahrt-2021-backschaften-ventus-nautilus_2021-07-07_00-18-25-1-768x1024.jpg\" alt=\"\" data-id=\"1129\" data-full-url=\"https:\/\/www.dwarsloeper.org\/wordpress\/wp-content\/uploads\/2021\/10\/kutterfahrt-2021-backschaften-ventus-nautilus_2021-07-07_00-18-25-1.jpg\" data-link=\"https:\/\/www.dwarsloeper.org\/wordpress\/?attachment_id=1129\" class=\"wp-image-1129\" srcset=\"https:\/\/www.dwarsloeper.org\/wordpress\/wp-content\/uploads\/2021\/10\/kutterfahrt-2021-backschaften-ventus-nautilus_2021-07-07_00-18-25-1-768x1024.jpg 768w, https:\/\/www.dwarsloeper.org\/wordpress\/wp-content\/uploads\/2021\/10\/kutterfahrt-2021-backschaften-ventus-nautilus_2021-07-07_00-18-25-1-225x300.jpg 225w, https:\/\/www.dwarsloeper.org\/wordpress\/wp-content\/uploads\/2021\/10\/kutterfahrt-2021-backschaften-ventus-nautilus_2021-07-07_00-18-25-1.jpg 1080w\" sizes=\"auto, (max-width: 768px) 100vw, 768px\" \/><\/figure><\/li><\/ul><\/figure>\n\n\n\n<p>Dienstag 6.7. <\/p>\n\n\n\n<p>Der letzte Tag der Kutterfahrt. Wie auf jeder fahrt der verhasste Tag! Auch bekannt unter dem Namen: \u201ePutz-Tag\u201c. Der Kutter muss von oben bis unten geschrubbt, poliert und trockengef\u00f6hnt werden. Wie eine Legende einst mal sagte: \u201eIst zu sp\u00fcren noch ein Korn Schmutz, so war am Werk ein Nichtsnutz\u201c. Also schrubbten wir, wie von Sinnen, sodass Caja auf uns stolz w\u00e4re! Nachdem wir den Glanzsp\u00fcler und abschlie\u00dfend das Glitter auf dem Kutter verteilt hatten ging es, nach 4 Stunden Putzen und Aufr\u00e4umen zur lang bekannten \u201eIch packe in meine Schatztruhe\u2026\u201c Runde. Nach dem jeder von seinen pers\u00f6nlichen Highlights und Lowlights berichtet hatte fingen wir an unsere Sachen zu schnappen und alles m\u00f6gliche an \u00fcbrig gebliebenen Essenskram zu unseren Mama- und Papa-Taxis zu tragen. Als endlich alles eingepackt war, begannen wir uns voneinander zu verabschieden. Manche mit einem L\u00e4cheln auf den Lippen und andere mit ein paar Tr\u00e4nen in den Augen. Gedanklich waren wir alle w\u00e4hrenddessen wohl in D\u00e4nemark, dachten an die sch\u00f6ne Zeit die wir mit solchen tollen Menschen, die tollen Bilder (bei <a href=\"https:\/\/www.dawawas.de\/erlebnis\/kutterfahrt-2021-backschaften-ventus-nautilus\/\">Dawawas<\/a>) w\u00fcrde wohl jeder gerne auf diese Fahrt zur\u00fcck. Wie jedes Jahr, eine sehr sch\u00f6ne, abenteuerliche und singfreudige Kutterfahrt.<\/p>\n","protected":false},"excerpt":{"rendered":"<p>Mittwoch 23.6. Es ist ein fr\u00fcher Nachmittag. Das sch\u00f6ne Mecklenburg \u2013 Vorpommern wird von der SED unter der F\u00fchrung von Rico Badenschier regiert, die auch einige andere L\u00e4nder unter ihrer Fuchtel haben. Eine Truppe von 6 Leuten haben den Entschluss gefasst diese Seite des ehemaligen Deutschlands zu verlassen. Die Tristes in diesem Land \u00f6det sie &hellip; <a href=\"https:\/\/www.dwarsloeper.org\/wordpress\/2021\/10\/17\/kutterfahrt-2021\/\" class=\"more-link\"><span class=\"screen-reader-text\">Kutterfahrt 2021<\/span> weiterlesen <span class=\"meta-nav\">&rarr;<\/span><\/a><\/p>\n","protected":false},"author":5,"featured_media":1128,"comment_status":"closed","ping_status":"closed","sticky":false,"template":"","format":"standard","meta":{"footnotes":""},"categories":[4,1],"tags":[],"class_list":["post-1112","post","type-post","status-publish","format-standard","has-post-thumbnail","hentry","category-berichte","category-allgemein"],"_links":{"self":[{"href":"https:\/\/www.dwarsloeper.org\/wordpress\/wp-json\/wp\/v2\/posts\/1112","targetHints":{"allow":["GET"]}}],"collection":[{"href":"https:\/\/www.dwarsloeper.org\/wordpress\/wp-json\/wp\/v2\/posts"}],"about":[{"href":"https:\/\/www.dwarsloeper.org\/wordpress\/wp-json\/wp\/v2\/types\/post"}],"author":[{"embeddable":true,"href":"https:\/\/www.dwarsloeper.org\/wordpress\/wp-json\/wp\/v2\/users\/5"}],"replies":[{"embeddable":true,"href":"https:\/\/www.dwarsloeper.org\/wordpress\/wp-json\/wp\/v2\/comments?post=1112"}],"version-history":[{"count":4,"href":"https:\/\/www.dwarsloeper.org\/wordpress\/wp-json\/wp\/v2\/posts\/1112\/revisions"}],"predecessor-version":[{"id":1138,"href":"https:\/\/www.dwarsloeper.org\/wordpress\/wp-json\/wp\/v2\/posts\/1112\/revisions\/1138"}],"wp:featuredmedia":[{"embeddable":true,"href":"https:\/\/www.dwarsloeper.org\/wordpress\/wp-json\/wp\/v2\/media\/1128"}],"wp:attachment":[{"href":"https:\/\/www.dwarsloeper.org\/wordpress\/wp-json\/wp\/v2\/media?parent=1112"}],"wp:term":[{"taxonomy":"category","embeddable":true,"href":"https:\/\/www.dwarsloeper.org\/wordpress\/wp-json\/wp\/v2\/categories?post=1112"},{"taxonomy":"post_tag","embeddable":true,"href":"https:\/\/www.dwarsloeper.org\/wordpress\/wp-json\/wp\/v2\/tags?post=1112"}],"curies":[{"name":"wp","href":"https:\/\/api.w.org\/{rel}","templated":true}]}}